{"id":1242391,"date":"2026-04-27T11:36:09","date_gmt":"2026-04-27T09:36:09","guid":{"rendered":"https:\/\/mediaco-groupe.com\/?p=1242391"},"modified":"2026-04-27T16:56:08","modified_gmt":"2026-04-27T14:56:08","slug":"mediaco-ca-503-millions-2025","status":"publish","type":"post","link":"https:\/\/mediaco-groupe.com\/en\/mediaco-ca-503-millions-2025\/","title":{"rendered":"Le groupe Mediaco franchit le cap des 500 M\u20ac en 2025"},"content":{"rendered":"<h2 data-start=\"133\" data-end=\"256\">Le groupe Mediaco franchit le cap des 500 M\u20ac et conforte sa position de Leader fran\u00e7ais et sa troisi\u00e8me place europ\u00e9enne.<\/h2>\n<p data-start=\"258\" data-end=\"446\">En r\u00e9alisant un chiffre d\u2019affaires groupe de 503M\u20ac sur l\u2019exercice 2025 (dont 435M\u20ac pour l\u2019activit\u00e9 Levage et manutention), Mediaco affiche une croissance de son chiffre total groupe de 6%.<\/p>\n<h3 data-section-id=\"nswy5s\" data-start=\"448\" data-end=\"470\">Chiffres cl\u00e9s 2025<\/h3>\n<ul data-start=\"471\" data-end=\"525\">\n<li data-section-id=\"ekq07x\" data-start=\"471\" data-end=\"492\">CA Groupe : 503M\u20ac<\/li>\n<li data-section-id=\"v1at3p\" data-start=\"493\" data-end=\"510\">3000 salari\u00e9s<\/li>\n<li data-section-id=\"qlu1jw\" data-start=\"511\" data-end=\"525\">95 agences<\/li>\n<\/ul>\n<h3 data-section-id=\"yntuli\" data-start=\"527\" data-end=\"535\">Parc<\/h3>\n<p data-start=\"536\" data-end=\"554\">4000 mat\u00e9riels :<\/p>\n<ul data-start=\"555\" data-end=\"648\">\n<li data-section-id=\"ldtnnj\" data-start=\"555\" data-end=\"581\">950 grues jusqu\u2019\u00e0 800T<\/li>\n<li data-section-id=\"1ou8t5p\" data-start=\"582\" data-end=\"617\">350 camions bras jusqu\u2019\u00e0 200t\/m<\/li>\n<li data-section-id=\"1iri1kn\" data-start=\"618\" data-end=\"648\">90 nacelles PL jusqu\u2019\u00e0 90m<\/li>\n<\/ul>\n<p data-start=\"650\" data-end=\"754\">L\u2019activit\u00e9 du groupe sur le premier trimestre 2026 se maintient \u00e0 un niveau \u00e9quivalent \u00e0 celui de 2025.<\/p>\n<p data-start=\"756\" data-end=\"862\">Ces chiffres permettent au groupe de confirmer une premi\u00e8re commande d\u2019engins \u00e0 livrer avant l\u2019\u00e9t\u00e9 2026 :<\/p>\n<ul data-start=\"864\" data-end=\"1113\">\n<li data-section-id=\"1mlkm7n\" data-start=\"864\" data-end=\"1010\">30 grues mobiles comprises entre 70 et 400T et des MK88 et 120 pour la France, l\u2019Allemagne et la Suisse<br data-start=\"969\" data-end=\"972\" \/>(Dont 8 grues de 400T &#8211; LTM 1400)<\/li>\n<li data-section-id=\"5otmvx\" data-start=\"1011\" data-end=\"1044\">75 tracteurs MAN (4&#215;2 et 6&#215;4)<\/li>\n<li data-section-id=\"155nkom\" data-start=\"1045\" data-end=\"1073\">65 remorques Faymonville<\/li>\n<li data-section-id=\"1cvxazf\" data-start=\"1074\" data-end=\"1113\">20 grues de manutention \u00e9lectriques<\/li>\n<\/ul>\n<p data-start=\"1115\" data-end=\"1326\">Une commande de renouvellement de parc est actuellement en \u00e9tude pour validation \u00e0 la fin du premier semestre 2026, pour 80 grues mobiles comprises entre 60 et 750T et 70 camion bras de grue jusqu\u2019\u00e0 135t\/m \u00e0 livrer sur le deuxi\u00e8me semestre 2026 et le premier semestre 2027.<\/p>\n<p data-start=\"1399\" data-end=\"1589\">Le groupe confirme par ailleurs sa volont\u00e9 de croissance externe dans les m\u00e9tiers du levage et de la manutention en France et en Europe, mais \u00e9galement dans tous les services \u00e0 l\u2019industrie.<\/p>","protected":false},"excerpt":{"rendered":"<p>Le groupe Mediaco franchit le cap des 500 M\u20ac et conforte sa position de Leader fran\u00e7ais et sa troisi\u00e8me place europ\u00e9enne. En r\u00e9alisant un chiffre d\u2019affaires groupe de 503M\u20ac sur l\u2019exercice 2025 (dont 435M\u20ac pour l\u2019activit\u00e9 Levage et manutention), Mediaco affiche une croissance de son chiffre total groupe de 6%. Chiffres cl\u00e9s 2025 CA Groupe [&hellip;]<\/p>","protected":false},"author":1,"featured_media":1242597,"comment_status":"closed","ping_status":"closed","sticky":false,"template":"","format":"standard","meta":{"footnotes":""},"categories":[24],"tags":[],"class_list":["post-1242391","post","type-post","status-publish","format-standard","has-post-thumbnail","hentry","category-evenement"],"yoast_head":"<!-- This site is optimized with the Yoast SEO plugin v27.4 - https:\/\/yoast.com\/product\/yoast-seo-wordpress\/ -->\n<title>Mediaco franchit le cap des 500 M\u20ac en 2025<\/title>\n<meta name=\"description\" content=\"Mediaco d\u00e9passe les 500 M\u20ac de chiffre d\u2019affaires en 2025 et confirme sa croissance et son leadership en Europe.\" \/>\n<meta name=\"robots\" content=\"index, follow, max-snippet:-1, max-image-preview:large, max-video-preview:-1\" \/>\n<link rel=\"canonical\" href=\"https:\/\/mediaco-groupe.com\/en\/mediaco-ca-503-millions-2025\/\" \/>\n<meta property=\"og:locale\" content=\"en_GB\" \/>\n<meta property=\"og:type\" content=\"article\" \/>\n<meta property=\"og:title\" content=\"Mediaco franchit le cap des 500 M\u20ac en 2025\" \/>\n<meta property=\"og:description\" content=\"Mediaco d\u00e9passe les 500 M\u20ac de chiffre d\u2019affaires en 2025 et confirme sa croissance et son leadership en Europe.\" \/>\n<meta property=\"og:url\" content=\"https:\/\/mediaco-groupe.com\/en\/mediaco-ca-503-millions-2025\/\" \/>\n<meta property=\"og:site_name\" content=\"Location et vente de nacelles, grues, mat\u00e9riels de levage - Mediaco\" \/>\n<meta property=\"article:publisher\" content=\"https:\/\/www.facebook.com\/GroupeMediaco\" \/>\n<meta property=\"article:published_time\" content=\"2026-04-27T09:36:09+00:00\" \/>\n<meta property=\"article:modified_time\" content=\"2026-04-27T14:56:08+00:00\" \/>\n<meta property=\"og:image\" content=\"https:\/\/mediaco-groupe.com\/wp-content\/uploads\/chiffre-affaire-mediaco-scaled.webp\" \/>\n\t<meta property=\"og:image:width\" content=\"2560\" \/>\n\t<meta property=\"og:image:height\" content=\"2497\" \/>\n\t<meta property=\"og:image:type\" content=\"image\/webp\" \/>\n<meta name=\"author\" content=\"admin_info\" \/>\n<meta name=\"twitter:card\" content=\"summary_large_image\" \/>\n<meta name=\"twitter:creator\" content=\"@GroupeMediaco\" \/>\n<meta name=\"twitter:site\" content=\"@GroupeMediaco\" \/>\n<meta name=\"twitter:label1\" content=\"Written by\" \/>\n\t<meta name=\"twitter:data1\" content=\"admin_info\" \/>\n\t<meta name=\"twitter:label2\" content=\"Estimated reading time\" \/>\n\t<meta name=\"twitter:data2\" content=\"2 minutes\" \/>\n<script type=\"application\/ld+json\" class=\"yoast-schema-graph\">{\"@context\":\"https:\\\/\\\/schema.org\",\"@graph\":[{\"@type\":\"Article\",\"@id\":\"https:\\\/\\\/mediaco-groupe.com\\\/mediaco-ca-503-millions-2025\\\/#article\",\"isPartOf\":{\"@id\":\"https:\\\/\\\/mediaco-groupe.com\\\/mediaco-ca-503-millions-2025\\\/\"},\"author\":{\"name\":\"admin_info\",\"@id\":\"https:\\\/\\\/mediaco-groupe.com\\\/fr\\\/#\\\/schema\\\/person\\\/43f83957359dd6df3b9842372037dbf0\"},\"headline\":\"Le groupe Mediaco franchit le cap des 500 M\u20ac en 2025\",\"datePublished\":\"2026-04-27T09:36:09+00:00\",\"dateModified\":\"2026-04-27T14:56:08+00:00\",\"mainEntityOfPage\":{\"@id\":\"https:\\\/\\\/mediaco-groupe.com\\\/mediaco-ca-503-millions-2025\\\/\"},\"wordCount\":229,\"publisher\":{\"@id\":\"https:\\\/\\\/mediaco-groupe.com\\\/fr\\\/#organization\"},\"image\":{\"@id\":\"https:\\\/\\\/mediaco-groupe.com\\\/mediaco-ca-503-millions-2025\\\/#primaryimage\"},\"thumbnailUrl\":\"https:\\\/\\\/mediaco-groupe.com\\\/wp-content\\\/uploads\\\/chiffre-affaire-mediaco-scaled.webp\",\"articleSection\":[\"\u00c9v\u00e8nement\"],\"inLanguage\":\"en-GB\"},{\"@type\":\"WebPage\",\"@id\":\"https:\\\/\\\/mediaco-groupe.com\\\/mediaco-ca-503-millions-2025\\\/\",\"url\":\"https:\\\/\\\/mediaco-groupe.com\\\/mediaco-ca-503-millions-2025\\\/\",\"name\":\"Mediaco franchit le cap des 500 M\u20ac en 2025\",\"isPartOf\":{\"@id\":\"https:\\\/\\\/mediaco-groupe.com\\\/fr\\\/#website\"},\"primaryImageOfPage\":{\"@id\":\"https:\\\/\\\/mediaco-groupe.com\\\/mediaco-ca-503-millions-2025\\\/#primaryimage\"},\"image\":{\"@id\":\"https:\\\/\\\/mediaco-groupe.com\\\/mediaco-ca-503-millions-2025\\\/#primaryimage\"},\"thumbnailUrl\":\"https:\\\/\\\/mediaco-groupe.com\\\/wp-content\\\/uploads\\\/chiffre-affaire-mediaco-scaled.webp\",\"datePublished\":\"2026-04-27T09:36:09+00:00\",\"dateModified\":\"2026-04-27T14:56:08+00:00\",\"description\":\"Mediaco d\u00e9passe les 500 M\u20ac de chiffre d\u2019affaires en 2025 et confirme sa croissance et son leadership en Europe.\",\"breadcrumb\":{\"@id\":\"https:\\\/\\\/mediaco-groupe.com\\\/mediaco-ca-503-millions-2025\\\/#breadcrumb\"},\"inLanguage\":\"en-GB\",\"potentialAction\":[{\"@type\":\"ReadAction\",\"target\":[\"https:\\\/\\\/mediaco-groupe.com\\\/mediaco-ca-503-millions-2025\\\/\"]}]},{\"@type\":\"ImageObject\",\"inLanguage\":\"en-GB\",\"@id\":\"https:\\\/\\\/mediaco-groupe.com\\\/mediaco-ca-503-millions-2025\\\/#primaryimage\",\"url\":\"https:\\\/\\\/mediaco-groupe.com\\\/wp-content\\\/uploads\\\/chiffre-affaire-mediaco-scaled.webp\",\"contentUrl\":\"https:\\\/\\\/mediaco-groupe.com\\\/wp-content\\\/uploads\\\/chiffre-affaire-mediaco-scaled.webp\",\"width\":2560,\"height\":2497},{\"@type\":\"BreadcrumbList\",\"@id\":\"https:\\\/\\\/mediaco-groupe.com\\\/mediaco-ca-503-millions-2025\\\/#breadcrumb\",\"itemListElement\":[{\"@type\":\"ListItem\",\"position\":1,\"name\":\"Accueil\",\"item\":\"https:\\\/\\\/mediaco-groupe.com\\\/fr\\\/\"},{\"@type\":\"ListItem\",\"position\":2,\"name\":\"Le groupe Mediaco franchit le cap des 500 M\u20ac en 2025\"}]},{\"@type\":\"WebSite\",\"@id\":\"https:\\\/\\\/mediaco-groupe.com\\\/fr\\\/#website\",\"url\":\"https:\\\/\\\/mediaco-groupe.com\\\/fr\\\/\",\"name\":\"Location et vente de nacelles, grues, mat\u00e9riels de levage - Mediaco\",\"description\":\"Premier r\u00e9seau en France dans le Levage et la Manutention\",\"publisher\":{\"@id\":\"https:\\\/\\\/mediaco-groupe.com\\\/fr\\\/#organization\"},\"potentialAction\":[{\"@type\":\"SearchAction\",\"target\":{\"@type\":\"EntryPoint\",\"urlTemplate\":\"https:\\\/\\\/mediaco-groupe.com\\\/fr\\\/?s={search_term_string}\"},\"query-input\":{\"@type\":\"PropertyValueSpecification\",\"valueRequired\":true,\"valueName\":\"search_term_string\"}}],\"inLanguage\":\"en-GB\"},{\"@type\":\"Organization\",\"@id\":\"https:\\\/\\\/mediaco-groupe.com\\\/fr\\\/#organization\",\"name\":\"Mediaco Levage\",\"url\":\"https:\\\/\\\/mediaco-groupe.com\\\/fr\\\/\",\"logo\":{\"@type\":\"ImageObject\",\"inLanguage\":\"en-GB\",\"@id\":\"https:\\\/\\\/mediaco-groupe.com\\\/fr\\\/#\\\/schema\\\/logo\\\/image\\\/\",\"url\":\"https:\\\/\\\/mediaco-groupe.com\\\/wp-content\\\/uploads\\\/2022\\\/01\\\/logo-mediaco.svg\",\"contentUrl\":\"https:\\\/\\\/mediaco-groupe.com\\\/wp-content\\\/uploads\\\/2022\\\/01\\\/logo-mediaco.svg\",\"width\":590,\"height\":72,\"caption\":\"Mediaco Levage\"},\"image\":{\"@id\":\"https:\\\/\\\/mediaco-groupe.com\\\/fr\\\/#\\\/schema\\\/logo\\\/image\\\/\"},\"sameAs\":[\"https:\\\/\\\/www.facebook.com\\\/GroupeMediaco\",\"https:\\\/\\\/x.com\\\/GroupeMediaco\",\"https:\\\/\\\/www.linkedin.com\\\/company\\\/mediaco\\\/\",\"https:\\\/\\\/www.youtube.com\\\/MediacoLevage\",\"https:\\\/\\\/www.instagram.com\\\/groupemediaco\\\/\"]},{\"@type\":\"Person\",\"@id\":\"https:\\\/\\\/mediaco-groupe.com\\\/fr\\\/#\\\/schema\\\/person\\\/43f83957359dd6df3b9842372037dbf0\",\"name\":\"admin_info\",\"image\":{\"@type\":\"ImageObject\",\"inLanguage\":\"en-GB\",\"@id\":\"https:\\\/\\\/secure.gravatar.com\\\/avatar\\\/a3a5b368a686f44fa7426827d3de97189099bafe49f9327b727ef912ded8f690?s=96&d=mm&r=g\",\"url\":\"https:\\\/\\\/secure.gravatar.com\\\/avatar\\\/a3a5b368a686f44fa7426827d3de97189099bafe49f9327b727ef912ded8f690?s=96&d=mm&r=g\",\"contentUrl\":\"https:\\\/\\\/secure.gravatar.com\\\/avatar\\\/a3a5b368a686f44fa7426827d3de97189099bafe49f9327b727ef912ded8f690?s=96&d=mm&r=g\",\"caption\":\"admin_info\"},\"sameAs\":[\"http:\\\/\\\/vps-565ece63.vps.ovh.net\"],\"url\":\"https:\\\/\\\/mediaco-groupe.com\\\/en\"}]}<\/script>\n<!-- \/ Yoast SEO plugin. -->","yoast_head_json":{"title":"Mediaco franchit le cap des 500 M\u20ac en 2025","description":"Mediaco d\u00e9passe les 500 M\u20ac de chiffre d\u2019affaires en 2025 et confirme sa croissance et son leadership en Europe.","robots":{"index":"index","follow":"follow","max-snippet":"max-snippet:-1","max-image-preview":"max-image-preview:large","max-video-preview":"max-video-preview:-1"},"canonical":"https:\/\/mediaco-groupe.com\/en\/mediaco-ca-503-millions-2025\/","og_locale":"en_GB","og_type":"article","og_title":"Mediaco franchit le cap des 500 M\u20ac en 2025","og_description":"Mediaco d\u00e9passe les 500 M\u20ac de chiffre d\u2019affaires en 2025 et confirme sa croissance et son leadership en Europe.","og_url":"https:\/\/mediaco-groupe.com\/en\/mediaco-ca-503-millions-2025\/","og_site_name":"Location et vente de nacelles, grues, mat\u00e9riels de levage - Mediaco","article_publisher":"https:\/\/www.facebook.com\/GroupeMediaco","article_published_time":"2026-04-27T09:36:09+00:00","article_modified_time":"2026-04-27T14:56:08+00:00","og_image":[{"width":2560,"height":2497,"url":"https:\/\/mediaco-groupe.com\/wp-content\/uploads\/chiffre-affaire-mediaco-scaled.webp","type":"image\/webp"}],"author":"admin_info","twitter_card":"summary_large_image","twitter_creator":"@GroupeMediaco","twitter_site":"@GroupeMediaco","twitter_misc":{"Written by":"admin_info","Estimated reading time":"2 minutes"},"schema":{"@context":"https:\/\/schema.org","@graph":[{"@type":"Article","@id":"https:\/\/mediaco-groupe.com\/mediaco-ca-503-millions-2025\/#article","isPartOf":{"@id":"https:\/\/mediaco-groupe.com\/mediaco-ca-503-millions-2025\/"},"author":{"name":"admin_info","@id":"https:\/\/mediaco-groupe.com\/fr\/#\/schema\/person\/43f83957359dd6df3b9842372037dbf0"},"headline":"Le groupe Mediaco franchit le cap des 500 M\u20ac en 2025","datePublished":"2026-04-27T09:36:09+00:00","dateModified":"2026-04-27T14:56:08+00:00","mainEntityOfPage":{"@id":"https:\/\/mediaco-groupe.com\/mediaco-ca-503-millions-2025\/"},"wordCount":229,"publisher":{"@id":"https:\/\/mediaco-groupe.com\/fr\/#organization"},"image":{"@id":"https:\/\/mediaco-groupe.com\/mediaco-ca-503-millions-2025\/#primaryimage"},"thumbnailUrl":"https:\/\/mediaco-groupe.com\/wp-content\/uploads\/chiffre-affaire-mediaco-scaled.webp","articleSection":["\u00c9v\u00e8nement"],"inLanguage":"en-GB"},{"@type":"WebPage","@id":"https:\/\/mediaco-groupe.com\/mediaco-ca-503-millions-2025\/","url":"https:\/\/mediaco-groupe.com\/mediaco-ca-503-millions-2025\/","name":"Mediaco franchit le cap des 500 M\u20ac en 2025","isPartOf":{"@id":"https:\/\/mediaco-groupe.com\/fr\/#website"},"primaryImageOfPage":{"@id":"https:\/\/mediaco-groupe.com\/mediaco-ca-503-millions-2025\/#primaryimage"},"image":{"@id":"https:\/\/mediaco-groupe.com\/mediaco-ca-503-millions-2025\/#primaryimage"},"thumbnailUrl":"https:\/\/mediaco-groupe.com\/wp-content\/uploads\/chiffre-affaire-mediaco-scaled.webp","datePublished":"2026-04-27T09:36:09+00:00","dateModified":"2026-04-27T14:56:08+00:00","description":"Mediaco d\u00e9passe les 500 M\u20ac de chiffre d\u2019affaires en 2025 et confirme sa croissance et son leadership en Europe.","breadcrumb":{"@id":"https:\/\/mediaco-groupe.com\/mediaco-ca-503-millions-2025\/#breadcrumb"},"inLanguage":"en-GB","potentialAction":[{"@type":"ReadAction","target":["https:\/\/mediaco-groupe.com\/mediaco-ca-503-millions-2025\/"]}]},{"@type":"ImageObject","inLanguage":"en-GB","@id":"https:\/\/mediaco-groupe.com\/mediaco-ca-503-millions-2025\/#primaryimage","url":"https:\/\/mediaco-groupe.com\/wp-content\/uploads\/chiffre-affaire-mediaco-scaled.webp","contentUrl":"https:\/\/mediaco-groupe.com\/wp-content\/uploads\/chiffre-affaire-mediaco-scaled.webp","width":2560,"height":2497},{"@type":"BreadcrumbList","@id":"https:\/\/mediaco-groupe.com\/mediaco-ca-503-millions-2025\/#breadcrumb","itemListElement":[{"@type":"ListItem","position":1,"name":"Accueil","item":"https:\/\/mediaco-groupe.com\/fr\/"},{"@type":"ListItem","position":2,"name":"Le groupe Mediaco franchit le cap des 500 M\u20ac en 2025"}]},{"@type":"WebSite","@id":"https:\/\/mediaco-groupe.com\/fr\/#website","url":"https:\/\/mediaco-groupe.com\/fr\/","name":"Location et vente de nacelles, grues, mat\u00e9riels de levage - Mediaco","description":"Premier r\u00e9seau en France dans le Levage et la Manutention","publisher":{"@id":"https:\/\/mediaco-groupe.com\/fr\/#organization"},"potentialAction":[{"@type":"SearchAction","target":{"@type":"EntryPoint","urlTemplate":"https:\/\/mediaco-groupe.com\/fr\/?s={search_term_string}"},"query-input":{"@type":"PropertyValueSpecification","valueRequired":true,"valueName":"search_term_string"}}],"inLanguage":"en-GB"},{"@type":"Organization","@id":"https:\/\/mediaco-groupe.com\/fr\/#organization","name":"Mediaco Levage","url":"https:\/\/mediaco-groupe.com\/fr\/","logo":{"@type":"ImageObject","inLanguage":"en-GB","@id":"https:\/\/mediaco-groupe.com\/fr\/#\/schema\/logo\/image\/","url":"https:\/\/mediaco-groupe.com\/wp-content\/uploads\/2022\/01\/logo-mediaco.svg","contentUrl":"https:\/\/mediaco-groupe.com\/wp-content\/uploads\/2022\/01\/logo-mediaco.svg","width":590,"height":72,"caption":"Mediaco Levage"},"image":{"@id":"https:\/\/mediaco-groupe.com\/fr\/#\/schema\/logo\/image\/"},"sameAs":["https:\/\/www.facebook.com\/GroupeMediaco","https:\/\/x.com\/GroupeMediaco","https:\/\/www.linkedin.com\/company\/mediaco\/","https:\/\/www.youtube.com\/MediacoLevage","https:\/\/www.instagram.com\/groupemediaco\/"]},{"@type":"Person","@id":"https:\/\/mediaco-groupe.com\/fr\/#\/schema\/person\/43f83957359dd6df3b9842372037dbf0","name":"admin_info","image":{"@type":"ImageObject","inLanguage":"en-GB","@id":"https:\/\/secure.gravatar.com\/avatar\/a3a5b368a686f44fa7426827d3de97189099bafe49f9327b727ef912ded8f690?s=96&d=mm&r=g","url":"https:\/\/secure.gravatar.com\/avatar\/a3a5b368a686f44fa7426827d3de97189099bafe49f9327b727ef912ded8f690?s=96&d=mm&r=g","contentUrl":"https:\/\/secure.gravatar.com\/avatar\/a3a5b368a686f44fa7426827d3de97189099bafe49f9327b727ef912ded8f690?s=96&d=mm&r=g","caption":"admin_info"},"sameAs":["http:\/\/vps-565ece63.vps.ovh.net"],"url":"https:\/\/mediaco-groupe.com\/en"}]}},"_links":{"self":[{"href":"https:\/\/mediaco-groupe.com\/en\/wp-json\/wp\/v2\/posts\/1242391","targetHints":{"allow":["GET"]}}],"collection":[{"href":"https:\/\/mediaco-groupe.com\/en\/wp-json\/wp\/v2\/posts"}],"about":[{"href":"https:\/\/mediaco-groupe.com\/en\/wp-json\/wp\/v2\/types\/post"}],"author":[{"embeddable":true,"href":"https:\/\/mediaco-groupe.com\/en\/wp-json\/wp\/v2\/users\/1"}],"replies":[{"embeddable":true,"href":"https:\/\/mediaco-groupe.com\/en\/wp-json\/wp\/v2\/comments?post=1242391"}],"version-history":[{"count":4,"href":"https:\/\/mediaco-groupe.com\/en\/wp-json\/wp\/v2\/posts\/1242391\/revisions"}],"predecessor-version":[{"id":1242522,"href":"https:\/\/mediaco-groupe.com\/en\/wp-json\/wp\/v2\/posts\/1242391\/revisions\/1242522"}],"wp:featuredmedia":[{"embeddable":true,"href":"https:\/\/mediaco-groupe.com\/en\/wp-json\/wp\/v2\/media\/1242597"}],"wp:attachment":[{"href":"https:\/\/mediaco-groupe.com\/en\/wp-json\/wp\/v2\/media?parent=1242391"}],"wp:term":[{"taxonomy":"category","embeddable":true,"href":"https:\/\/mediaco-groupe.com\/en\/wp-json\/wp\/v2\/categories?post=1242391"},{"taxonomy":"post_tag","embeddable":true,"href":"https:\/\/mediaco-groupe.com\/en\/wp-json\/wp\/v2\/tags?post=1242391"}],"curies":[{"name":"wp","href":"https:\/\/api.w.org\/{rel}","templated":true}]}}